{"id":1261,"date":"2024-07-29T15:19:56","date_gmt":"2024-07-29T15:19:56","guid":{"rendered":"https:\/\/conceptus-ensemble.com\/?p=1261"},"modified":"2025-01-25T20:18:36","modified_gmt":"2025-01-25T20:18:36","slug":"conceptus-in-concert-versohnungskirche-koln-ehrenfeld","status":"publish","type":"post","link":"https:\/\/conceptus-ensemble.com\/de\/conceptus-in-concert-versohnungskirche-koln-ehrenfeld\/","title":{"rendered":"Conceptus in Concert &#8211; Vers\u00f6hnungskirche K\u00f6ln Ehrenfeld"},"content":{"rendered":"<p class=\"\">January 26 2025 18:00<\/p>\n\n\n\n<p class=\"\"><a href=\"http:\/\/www.sancta-clara-keller.de\/\">www.evangelisch-ehrenfeld.de&nbsp;<\/a><\/p>\n\n\n\n<p class=\"\"><\/p>\n\n\n\n<p class=\"\">New Album available <a href=\"https:\/\/divineartrecords.com\/recording\/gods-ghosts-and-monsters\/\">here<\/a> for CD and HD Digital. Also available on all streaming platforms.<\/p>\n\n\n\n<figure class=\"wp-block-image size-medium is-resized\"><a href=\"https:\/\/conceptus-ensemble.com\/de\/recordings\/\"><img loading=\"lazy\" decoding=\"async\" width=\"300\" height=\"300\" src=\"https:\/\/conceptus-ensemble.com\/wp-content\/uploads\/2024\/04\/cover21133-1-300x300.jpg\" alt=\"\" class=\"wp-image-733\" style=\"width:326px;height:auto\"\/><\/a><\/figure>","protected":false},"excerpt":{"rendered":"<p>January 26 2025 18:00<br \/>\nConceptus in Concert &#8211; Vers\u00f6hnungskirche K\u00f6ln Ehrenfeld<\/p>","protected":false},"author":1,"featured_media":1216,"comment_status":"open","ping_status":"open","sticky":false,"template":"","format":"standard","meta":{"nf_dc_page":"","_et_pb_use_builder":"off","_et_pb_old_content":"<!-- wp:paragraph -->\n<p>Join Conceptus to celebrate the launch of their debut album at Sancta Clara Keller K\u00f6ln.<\/p>\n<!-- \/wp:paragraph -->\n\n<!-- wp:paragraph -->\n<p>3rd May 2024 19:30<\/p>\n<!-- \/wp:paragraph -->\n\n<!-- wp:image {\"id\":733,\"width\":\"326px\",\"height\":\"auto\",\"sizeSlug\":\"large\",\"linkDestination\":\"none\"} -->\n<figure class=\"wp-block-image size-large is-resized\"><img src=\"https:\/\/conceptus-ensemble.com\/wp-content\/uploads\/2024\/04\/cover21133-1-1024x1024.jpg\" alt=\"\" class=\"wp-image-733\" style=\"width:326px;height:auto\"\/><\/figure>\n<!-- \/wp:image -->\n\n<!-- wp:paragraph -->\n<p><a href=\"http:\/\/www.sancta-clara-keller.de\/\">www.sancta-clara-keller.de<\/a><\/p>\n<!-- \/wp:paragraph -->","_et_gb_content_width":"","_monsterinsights_skip_tracking":false,"_monsterinsights_sitenote_active":false,"_monsterinsights_sitenote_note":"","_monsterinsights_sitenote_category":0,"footnotes":""},"categories":[24],"tags":[],"class_list":["post-1261","post","type-post","status-publish","format-standard","has-post-thumbnail","hentry","category-live-dates"],"yoast_head":"<!-- This site is optimized with the Yoast SEO plugin v27.5 - https:\/\/yoast.com\/product\/yoast-seo-wordpress\/ -->\n<title>Conceptus in Concert - Vers\u00f6hnungskirche K\u00f6ln Ehrenfeld - Conceptus<\/title>\n<meta name=\"robots\" content=\"index, follow, max-snippet:-1, max-image-preview:large, max-video-preview:-1\" \/>\n<link rel=\"canonical\" href=\"https:\/\/conceptus-ensemble.com\/de\/conceptus-in-concert-versohnungskirche-koln-ehrenfeld\/\" \/>\n<meta property=\"og:locale\" content=\"de_DE\" \/>\n<meta property=\"og:type\" content=\"article\" \/>\n<meta property=\"og:title\" content=\"Conceptus in Concert - Vers\u00f6hnungskirche K\u00f6ln Ehrenfeld - Conceptus\" \/>\n<meta property=\"og:description\" content=\"January 26 2025 18:00 Conceptus in Concert - Vers\u00f6hnungskirche K\u00f6ln Ehrenfeld\" \/>\n<meta property=\"og:url\" content=\"https:\/\/conceptus-ensemble.com\/de\/conceptus-in-concert-versohnungskirche-koln-ehrenfeld\/\" \/>\n<meta property=\"og:site_name\" content=\"Conceptus\" \/>\n<meta property=\"article:published_time\" content=\"2024-07-29T15:19:56+00:00\" \/>\n<meta property=\"article:modified_time\" content=\"2025-01-25T20:18:36+00:00\" \/>\n<meta property=\"og:image\" content=\"https:\/\/conceptus-ensemble.com\/wp-content\/uploads\/2024\/04\/Concert-Poster-3-May-WEB.jpg\" \/>\n\t<meta property=\"og:image:width\" content=\"1257\" \/>\n\t<meta property=\"og:image:height\" content=\"1771\" \/>\n\t<meta property=\"og:image:type\" content=\"image\/jpeg\" \/>\n<meta name=\"author\" content=\"james\" \/>\n<meta name=\"twitter:card\" content=\"summary_large_image\" \/>\n<meta name=\"twitter:label1\" content=\"Verfasst von\" \/>\n\t<meta name=\"twitter:data1\" content=\"james\" \/>\n\t<meta name=\"twitter:label2\" content=\"Gesch\u00e4tzte Lesezeit\" \/>\n\t<meta name=\"twitter:data2\" content=\"1\u00a0Minute\" \/>\n<script type=\"application\/ld+json\" class=\"yoast-schema-graph\">{\"@context\":\"https:\\\/\\\/schema.org\",\"@graph\":[{\"@type\":\"Article\",\"@id\":\"https:\\\/\\\/conceptus-ensemble.com\\\/conceptus-in-concert-versohnungskirche-koln-ehrenfeld\\\/#article\",\"isPartOf\":{\"@id\":\"https:\\\/\\\/conceptus-ensemble.com\\\/conceptus-in-concert-versohnungskirche-koln-ehrenfeld\\\/\"},\"author\":{\"name\":\"james\",\"@id\":\"https:\\\/\\\/conceptus-ensemble.com\\\/#\\\/schema\\\/person\\\/eb3d5458828306298e9c2a35be9f5253\"},\"headline\":\"Conceptus in Concert &#8211; Vers\u00f6hnungskirche K\u00f6ln Ehrenfeld\",\"datePublished\":\"2024-07-29T15:19:56+00:00\",\"dateModified\":\"2025-01-25T20:18:36+00:00\",\"mainEntityOfPage\":{\"@id\":\"https:\\\/\\\/conceptus-ensemble.com\\\/conceptus-in-concert-versohnungskirche-koln-ehrenfeld\\\/\"},\"wordCount\":29,\"commentCount\":0,\"image\":{\"@id\":\"https:\\\/\\\/conceptus-ensemble.com\\\/conceptus-in-concert-versohnungskirche-koln-ehrenfeld\\\/#primaryimage\"},\"thumbnailUrl\":\"https:\\\/\\\/conceptus-ensemble.com\\\/wp-content\\\/uploads\\\/2024\\\/04\\\/Concert-Poster-3-May-WEB.jpg\",\"articleSection\":[\"Live Dates\"],\"inLanguage\":\"de\",\"potentialAction\":[{\"@type\":\"CommentAction\",\"name\":\"Comment\",\"target\":[\"https:\\\/\\\/conceptus-ensemble.com\\\/conceptus-in-concert-versohnungskirche-koln-ehrenfeld\\\/#respond\"]}]},{\"@type\":\"WebPage\",\"@id\":\"https:\\\/\\\/conceptus-ensemble.com\\\/conceptus-in-concert-versohnungskirche-koln-ehrenfeld\\\/\",\"url\":\"https:\\\/\\\/conceptus-ensemble.com\\\/conceptus-in-concert-versohnungskirche-koln-ehrenfeld\\\/\",\"name\":\"Conceptus in Concert - Vers\u00f6hnungskirche K\u00f6ln Ehrenfeld - Conceptus\",\"isPartOf\":{\"@id\":\"https:\\\/\\\/conceptus-ensemble.com\\\/#website\"},\"primaryImageOfPage\":{\"@id\":\"https:\\\/\\\/conceptus-ensemble.com\\\/conceptus-in-concert-versohnungskirche-koln-ehrenfeld\\\/#primaryimage\"},\"image\":{\"@id\":\"https:\\\/\\\/conceptus-ensemble.com\\\/conceptus-in-concert-versohnungskirche-koln-ehrenfeld\\\/#primaryimage\"},\"thumbnailUrl\":\"https:\\\/\\\/conceptus-ensemble.com\\\/wp-content\\\/uploads\\\/2024\\\/04\\\/Concert-Poster-3-May-WEB.jpg\",\"datePublished\":\"2024-07-29T15:19:56+00:00\",\"dateModified\":\"2025-01-25T20:18:36+00:00\",\"author\":{\"@id\":\"https:\\\/\\\/conceptus-ensemble.com\\\/#\\\/schema\\\/person\\\/eb3d5458828306298e9c2a35be9f5253\"},\"breadcrumb\":{\"@id\":\"https:\\\/\\\/conceptus-ensemble.com\\\/conceptus-in-concert-versohnungskirche-koln-ehrenfeld\\\/#breadcrumb\"},\"inLanguage\":\"de\",\"potentialAction\":[{\"@type\":\"ReadAction\",\"target\":[\"https:\\\/\\\/conceptus-ensemble.com\\\/conceptus-in-concert-versohnungskirche-koln-ehrenfeld\\\/\"]}]},{\"@type\":\"ImageObject\",\"inLanguage\":\"de\",\"@id\":\"https:\\\/\\\/conceptus-ensemble.com\\\/conceptus-in-concert-versohnungskirche-koln-ehrenfeld\\\/#primaryimage\",\"url\":\"https:\\\/\\\/conceptus-ensemble.com\\\/wp-content\\\/uploads\\\/2024\\\/04\\\/Concert-Poster-3-May-WEB.jpg\",\"contentUrl\":\"https:\\\/\\\/conceptus-ensemble.com\\\/wp-content\\\/uploads\\\/2024\\\/04\\\/Concert-Poster-3-May-WEB.jpg\",\"width\":1257,\"height\":1771},{\"@type\":\"BreadcrumbList\",\"@id\":\"https:\\\/\\\/conceptus-ensemble.com\\\/conceptus-in-concert-versohnungskirche-koln-ehrenfeld\\\/#breadcrumb\",\"itemListElement\":[{\"@type\":\"ListItem\",\"position\":1,\"name\":\"Home\",\"item\":\"https:\\\/\\\/conceptus-ensemble.com\\\/\"},{\"@type\":\"ListItem\",\"position\":2,\"name\":\"Conceptus in Concert &#8211; Vers\u00f6hnungskirche K\u00f6ln Ehrenfeld\"}]},{\"@type\":\"WebSite\",\"@id\":\"https:\\\/\\\/conceptus-ensemble.com\\\/#website\",\"url\":\"https:\\\/\\\/conceptus-ensemble.com\\\/\",\"name\":\"Conceptus\",\"description\":\"Ensemble\",\"potentialAction\":[{\"@type\":\"SearchAction\",\"target\":{\"@type\":\"EntryPoint\",\"urlTemplate\":\"https:\\\/\\\/conceptus-ensemble.com\\\/?s={search_term_string}\"},\"query-input\":{\"@type\":\"PropertyValueSpecification\",\"valueRequired\":true,\"valueName\":\"search_term_string\"}}],\"inLanguage\":\"de\"},{\"@type\":\"Person\",\"@id\":\"https:\\\/\\\/conceptus-ensemble.com\\\/#\\\/schema\\\/person\\\/eb3d5458828306298e9c2a35be9f5253\",\"name\":\"james\",\"image\":{\"@type\":\"ImageObject\",\"inLanguage\":\"de\",\"@id\":\"https:\\\/\\\/secure.gravatar.com\\\/avatar\\\/1411ac447b222415484c823daf90f5e6d4ea6918d5d8ebe11ce8759b4e59c67b?s=96&d=mm&r=g\",\"url\":\"https:\\\/\\\/secure.gravatar.com\\\/avatar\\\/1411ac447b222415484c823daf90f5e6d4ea6918d5d8ebe11ce8759b4e59c67b?s=96&d=mm&r=g\",\"contentUrl\":\"https:\\\/\\\/secure.gravatar.com\\\/avatar\\\/1411ac447b222415484c823daf90f5e6d4ea6918d5d8ebe11ce8759b4e59c67b?s=96&d=mm&r=g\",\"caption\":\"james\"},\"sameAs\":[\"https:\\\/\\\/conceptus-ensemble.com\"],\"url\":\"https:\\\/\\\/conceptus-ensemble.com\\\/de\\\/author\\\/james\\\/\"}]}<\/script>\n<!-- \/ Yoast SEO plugin. -->","yoast_head_json":{"title":"Conceptus in Concert - Vers\u00f6hnungskirche K\u00f6ln Ehrenfeld - Conceptus","robots":{"index":"index","follow":"follow","max-snippet":"max-snippet:-1","max-image-preview":"max-image-preview:large","max-video-preview":"max-video-preview:-1"},"canonical":"https:\/\/conceptus-ensemble.com\/de\/conceptus-in-concert-versohnungskirche-koln-ehrenfeld\/","og_locale":"de_DE","og_type":"article","og_title":"Conceptus in Concert - Vers\u00f6hnungskirche K\u00f6ln Ehrenfeld - Conceptus","og_description":"January 26 2025 18:00 Conceptus in Concert - Vers\u00f6hnungskirche K\u00f6ln Ehrenfeld","og_url":"https:\/\/conceptus-ensemble.com\/de\/conceptus-in-concert-versohnungskirche-koln-ehrenfeld\/","og_site_name":"Conceptus","article_published_time":"2024-07-29T15:19:56+00:00","article_modified_time":"2025-01-25T20:18:36+00:00","og_image":[{"width":1257,"height":1771,"url":"https:\/\/conceptus-ensemble.com\/wp-content\/uploads\/2024\/04\/Concert-Poster-3-May-WEB.jpg","type":"image\/jpeg"}],"author":"james","twitter_card":"summary_large_image","twitter_misc":{"Verfasst von":"james","Gesch\u00e4tzte Lesezeit":"1\u00a0Minute"},"schema":{"@context":"https:\/\/schema.org","@graph":[{"@type":"Article","@id":"https:\/\/conceptus-ensemble.com\/conceptus-in-concert-versohnungskirche-koln-ehrenfeld\/#article","isPartOf":{"@id":"https:\/\/conceptus-ensemble.com\/conceptus-in-concert-versohnungskirche-koln-ehrenfeld\/"},"author":{"name":"james","@id":"https:\/\/conceptus-ensemble.com\/#\/schema\/person\/eb3d5458828306298e9c2a35be9f5253"},"headline":"Conceptus in Concert &#8211; Vers\u00f6hnungskirche K\u00f6ln Ehrenfeld","datePublished":"2024-07-29T15:19:56+00:00","dateModified":"2025-01-25T20:18:36+00:00","mainEntityOfPage":{"@id":"https:\/\/conceptus-ensemble.com\/conceptus-in-concert-versohnungskirche-koln-ehrenfeld\/"},"wordCount":29,"commentCount":0,"image":{"@id":"https:\/\/conceptus-ensemble.com\/conceptus-in-concert-versohnungskirche-koln-ehrenfeld\/#primaryimage"},"thumbnailUrl":"https:\/\/conceptus-ensemble.com\/wp-content\/uploads\/2024\/04\/Concert-Poster-3-May-WEB.jpg","articleSection":["Live Dates"],"inLanguage":"de","potentialAction":[{"@type":"CommentAction","name":"Comment","target":["https:\/\/conceptus-ensemble.com\/conceptus-in-concert-versohnungskirche-koln-ehrenfeld\/#respond"]}]},{"@type":"WebPage","@id":"https:\/\/conceptus-ensemble.com\/conceptus-in-concert-versohnungskirche-koln-ehrenfeld\/","url":"https:\/\/conceptus-ensemble.com\/conceptus-in-concert-versohnungskirche-koln-ehrenfeld\/","name":"Conceptus in Concert - Vers\u00f6hnungskirche K\u00f6ln Ehrenfeld - Conceptus","isPartOf":{"@id":"https:\/\/conceptus-ensemble.com\/#website"},"primaryImageOfPage":{"@id":"https:\/\/conceptus-ensemble.com\/conceptus-in-concert-versohnungskirche-koln-ehrenfeld\/#primaryimage"},"image":{"@id":"https:\/\/conceptus-ensemble.com\/conceptus-in-concert-versohnungskirche-koln-ehrenfeld\/#primaryimage"},"thumbnailUrl":"https:\/\/conceptus-ensemble.com\/wp-content\/uploads\/2024\/04\/Concert-Poster-3-May-WEB.jpg","datePublished":"2024-07-29T15:19:56+00:00","dateModified":"2025-01-25T20:18:36+00:00","author":{"@id":"https:\/\/conceptus-ensemble.com\/#\/schema\/person\/eb3d5458828306298e9c2a35be9f5253"},"breadcrumb":{"@id":"https:\/\/conceptus-ensemble.com\/conceptus-in-concert-versohnungskirche-koln-ehrenfeld\/#breadcrumb"},"inLanguage":"de","potentialAction":[{"@type":"ReadAction","target":["https:\/\/conceptus-ensemble.com\/conceptus-in-concert-versohnungskirche-koln-ehrenfeld\/"]}]},{"@type":"ImageObject","inLanguage":"de","@id":"https:\/\/conceptus-ensemble.com\/conceptus-in-concert-versohnungskirche-koln-ehrenfeld\/#primaryimage","url":"https:\/\/conceptus-ensemble.com\/wp-content\/uploads\/2024\/04\/Concert-Poster-3-May-WEB.jpg","contentUrl":"https:\/\/conceptus-ensemble.com\/wp-content\/uploads\/2024\/04\/Concert-Poster-3-May-WEB.jpg","width":1257,"height":1771},{"@type":"BreadcrumbList","@id":"https:\/\/conceptus-ensemble.com\/conceptus-in-concert-versohnungskirche-koln-ehrenfeld\/#breadcrumb","itemListElement":[{"@type":"ListItem","position":1,"name":"Home","item":"https:\/\/conceptus-ensemble.com\/"},{"@type":"ListItem","position":2,"name":"Conceptus in Concert &#8211; Vers\u00f6hnungskirche K\u00f6ln Ehrenfeld"}]},{"@type":"WebSite","@id":"https:\/\/conceptus-ensemble.com\/#website","url":"https:\/\/conceptus-ensemble.com\/","name":"Conceptus","description":"Ensemble","potentialAction":[{"@type":"SearchAction","target":{"@type":"EntryPoint","urlTemplate":"https:\/\/conceptus-ensemble.com\/?s={search_term_string}"},"query-input":{"@type":"PropertyValueSpecification","valueRequired":true,"valueName":"search_term_string"}}],"inLanguage":"de"},{"@type":"Person","@id":"https:\/\/conceptus-ensemble.com\/#\/schema\/person\/eb3d5458828306298e9c2a35be9f5253","name":"james","image":{"@type":"ImageObject","inLanguage":"de","@id":"https:\/\/secure.gravatar.com\/avatar\/1411ac447b222415484c823daf90f5e6d4ea6918d5d8ebe11ce8759b4e59c67b?s=96&d=mm&r=g","url":"https:\/\/secure.gravatar.com\/avatar\/1411ac447b222415484c823daf90f5e6d4ea6918d5d8ebe11ce8759b4e59c67b?s=96&d=mm&r=g","contentUrl":"https:\/\/secure.gravatar.com\/avatar\/1411ac447b222415484c823daf90f5e6d4ea6918d5d8ebe11ce8759b4e59c67b?s=96&d=mm&r=g","caption":"james"},"sameAs":["https:\/\/conceptus-ensemble.com"],"url":"https:\/\/conceptus-ensemble.com\/de\/author\/james\/"}]}},"_links":{"self":[{"href":"https:\/\/conceptus-ensemble.com\/de\/wp-json\/wp\/v2\/posts\/1261","targetHints":{"allow":["GET"]}}],"collection":[{"href":"https:\/\/conceptus-ensemble.com\/de\/wp-json\/wp\/v2\/posts"}],"about":[{"href":"https:\/\/conceptus-ensemble.com\/de\/wp-json\/wp\/v2\/types\/post"}],"author":[{"embeddable":true,"href":"https:\/\/conceptus-ensemble.com\/de\/wp-json\/wp\/v2\/users\/1"}],"replies":[{"embeddable":true,"href":"https:\/\/conceptus-ensemble.com\/de\/wp-json\/wp\/v2\/comments?post=1261"}],"version-history":[{"count":3,"href":"https:\/\/conceptus-ensemble.com\/de\/wp-json\/wp\/v2\/posts\/1261\/revisions"}],"predecessor-version":[{"id":1291,"href":"https:\/\/conceptus-ensemble.com\/de\/wp-json\/wp\/v2\/posts\/1261\/revisions\/1291"}],"wp:featuredmedia":[{"embeddable":true,"href":"https:\/\/conceptus-ensemble.com\/de\/wp-json\/wp\/v2\/media\/1216"}],"wp:attachment":[{"href":"https:\/\/conceptus-ensemble.com\/de\/wp-json\/wp\/v2\/media?parent=1261"}],"wp:term":[{"taxonomy":"category","embeddable":true,"href":"https:\/\/conceptus-ensemble.com\/de\/wp-json\/wp\/v2\/categories?post=1261"},{"taxonomy":"post_tag","embeddable":true,"href":"https:\/\/conceptus-ensemble.com\/de\/wp-json\/wp\/v2\/tags?post=1261"}],"curies":[{"name":"wp","href":"https:\/\/api.w.org\/{rel}","templated":true}]}}